{"id":74135,"date":"2025-09-23T09:39:58","date_gmt":"2025-09-23T14:39:58","guid":{"rendered":"https:\/\/www.perurail.com\/?p=74135"},"modified":"2025-09-23T09:47:20","modified_gmt":"2025-09-23T14:47:20","slug":"comunicado-sobre-operaciones-del-23-de-setiembre","status":"publish","type":"post","link":"https:\/\/www.perurail.com\/es\/comunicados\/comunicado-sobre-operaciones-del-23-de-setiembre\/","title":{"rendered":"COMUNICADO SOBRE OPERACIONES DEL 23 DE SETIEMBRE"},"content":{"rendered":"\n<p class=\"has-text-align-right\">Cusco, 22 de setiembre de 2025<\/p>\n\n\n\n<p>PeruRail S.A., operador ferroviario en la ruta sur oriente, informa a sus pasajeros, agencias de viaje, operadores tur\u00edsticos y al p\u00fablico en general que, de acuerdo con la informaci\u00f3n emitida por el concesionario de la v\u00eda f\u00e9rrea, Ferrocarril Trasandino S.A., ante el levantamiento del paro convocado en la provincia de Anta; el martes 23 de setiembre se reinicia de manera regular las operaciones en el tramo Cusco \u2013Ollantaytambo \u2013 Cusco.<\/p>\n\n\n\n<p>Agradecemos la comprensi\u00f3n y reiteramos nuestro compromiso de mantener un servicio seguro y confiable para todos.<\/p>\n\n\n\n<p>Atentamente,<br><strong>PeruRail S.A.<\/strong><\/p>\n","protected":false},"excerpt":{"rendered":"<p>Cusco, 22 de setiembre de 2025 PeruRail S.A., operador ferroviario en la ruta sur oriente, informa a sus pasajeros, agencias de viaje, operadores tur\u00edsticos y al p\u00fablico en general que, de acuerdo con la informaci\u00f3n emitida por el concesionario de la v\u00eda f\u00e9rrea, Ferrocarril Trasandino S.A., ante el levantamiento del paro convocado en la provincia &hellip;<\/p>\n<p class=\"read-more\"> <a class=\"\" href=\"https:\/\/www.perurail.com\/es\/comunicados\/comunicado-sobre-operaciones-del-23-de-setiembre\/\"> <span class=\"screen-reader-text\">COMUNICADO SOBRE OPERACIONES DEL 23 DE SETIEMBRE<\/span> Leer m\u00e1s &raquo;<\/a><\/p>\n","protected":false},"author":2,"featured_media":22520,"comment_status":"closed","ping_status":"open","sticky":false,"template":"","format":"standard","meta":{"site-sidebar-layout":"default","site-content-layout":"","ast-site-content-layout":"","site-content-style":"default","site-sidebar-style":"default","ast-global-header-display":"","ast-banner-title-visibility":"","ast-main-header-display":"","ast-hfb-above-header-display":"","ast-hfb-below-header-display":"","ast-hfb-mobile-header-display":"","site-post-title":"","ast-breadcrumbs-content":"","ast-featured-img":"","footer-sml-layout":"","theme-transparent-header-meta":"","adv-header-id-meta":"","stick-header-meta":"","header-above-stick-meta":"","header-main-stick-meta":"","header-below-stick-meta":"","astra-migrate-meta-layouts":"default","ast-page-background-enabled":"default","ast-page-background-meta":{"desktop":{"background-color":"var(--ast-global-color-4)","background-image":"","background-repeat":"repeat","background-position":"center center","background-size":"auto","background-attachment":"scroll","background-type":"","background-media":"","overlay-type":"","overlay-color":"","overlay-gradient":""},"tablet":{"background-color":"","background-image":"","background-repeat":"repeat","background-position":"center center","background-size":"auto","background-attachment":"scroll","background-type":"","background-media":"","overlay-type":"","overlay-color":"","overlay-gradient":""},"mobile":{"background-color":"","background-image":"","background-repeat":"repeat","background-position":"center center","background-size":"auto","background-attachment":"scroll","background-type":"","background-media":"","overlay-type":"","overlay-color":"","overlay-gradient":""}},"ast-content-background-meta":{"desktop":{"background-color":"var(--ast-global-color-5)","background-image":"","background-repeat":"repeat","background-position":"center center","background-size":"auto","background-attachment":"scroll","background-type":"","background-media":"","overlay-type":"","overlay-color":"","overlay-gradient":""},"tablet":{"background-color":"var(--ast-global-color-5)","background-image":"","background-repeat":"repeat","background-position":"center center","background-size":"auto","background-attachment":"scroll","background-type":"","background-media":"","overlay-type":"","overlay-color":"","overlay-gradient":""},"mobile":{"background-color":"var(--ast-global-color-5)","background-image":"","background-repeat":"repeat","background-position":"center center","background-size":"auto","background-attachment":"scroll","background-type":"","background-media":"","overlay-type":"","overlay-color":"","overlay-gradient":""}},"footnotes":""},"categories":[81],"tags":[],"class_list":["post-74135","post","type-post","status-publish","format-standard","has-post-thumbnail","hentry","category-comunicados"],"yoast_head":"<!-- This site is optimized with the Yoast SEO plugin v25.9 - https:\/\/yoast.com\/wordpress\/plugins\/seo\/ -->\n<title>COMUNICADO SOBRE OPERACIONES DEL 23 DE SETIEMBRE<\/title>\n<meta name=\"robots\" content=\"index, follow, max-image-preview:large, max-video-preview:-1, nosnippet\" \/>\n<link rel=\"canonical\" href=\"https:\/\/www.perurail.com\/es\/comunicados\/comunicado-sobre-operaciones-del-23-de-setiembre\/\" \/>\n<meta property=\"og:locale\" content=\"es_ES\" \/>\n<meta property=\"og:type\" content=\"article\" \/>\n<meta property=\"og:title\" content=\"COMUNICADO SOBRE OPERACIONES DEL 23 DE SETIEMBRE\" \/>\n<meta property=\"og:description\" content=\"Cusco, 22 de setiembre de 2025 PeruRail S.A., operador ferroviario en la ruta sur oriente, informa a sus pasajeros, agencias de viaje, operadores tur\u00edsticos y al p\u00fablico en general que, de acuerdo con la informaci\u00f3n emitida por el concesionario de la v\u00eda f\u00e9rrea, Ferrocarril Trasandino S.A., ante el levantamiento del paro convocado en la provincia &hellip; COMUNICADO SOBRE OPERACIONES DEL 23 DE SETIEMBRE Leer m\u00e1s &raquo;\" \/>\n<meta property=\"og:url\" content=\"https:\/\/www.perurail.com\/es\/comunicados\/comunicado-sobre-operaciones-del-23-de-setiembre\/\" \/>\n<meta property=\"og:site_name\" content=\"Train to Machu Picchu - Ollantaytambo - Cusco | Peru Rail | Deals | Perurail\" \/>\n<meta property=\"article:published_time\" content=\"2025-09-23T14:39:58+00:00\" \/>\n<meta property=\"article:modified_time\" content=\"2025-09-23T14:47:20+00:00\" \/>\n<meta property=\"og:image\" content=\"https:\/\/www.perurail.com\/wp-content\/uploads\/2024\/03\/perurail-tren-vistadome.jpg\" \/>\n\t<meta property=\"og:image:width\" content=\"955\" \/>\n\t<meta property=\"og:image:height\" content=\"535\" \/>\n\t<meta property=\"og:image:type\" content=\"image\/jpeg\" \/>\n<meta name=\"author\" content=\"Alfredo Arroyo Diaz\" \/>\n<meta name=\"twitter:card\" content=\"summary_large_image\" \/>\n<meta name=\"twitter:label1\" content=\"Escrito por\" \/>\n\t<meta name=\"twitter:data1\" content=\"Alfredo Arroyo Diaz\" \/>\n\t<meta name=\"twitter:label2\" content=\"Tiempo de lectura\" \/>\n\t<meta name=\"twitter:data2\" content=\"1 minuto\" \/>\n<script type=\"application\/ld+json\" class=\"yoast-schema-graph\">{\"@context\":\"https:\/\/schema.org\",\"@graph\":[{\"@type\":\"WebPage\",\"@id\":\"https:\/\/www.perurail.com\/es\/comunicados\/comunicado-sobre-operaciones-del-23-de-setiembre\/\",\"url\":\"https:\/\/www.perurail.com\/es\/comunicados\/comunicado-sobre-operaciones-del-23-de-setiembre\/\",\"name\":\"COMUNICADO SOBRE OPERACIONES DEL 23 DE SETIEMBRE\",\"isPartOf\":{\"@id\":\"https:\/\/www.perurail.com\/es\/#website\"},\"primaryImageOfPage\":{\"@id\":\"https:\/\/www.perurail.com\/es\/comunicados\/comunicado-sobre-operaciones-del-23-de-setiembre\/#primaryimage\"},\"image\":{\"@id\":\"https:\/\/www.perurail.com\/es\/comunicados\/comunicado-sobre-operaciones-del-23-de-setiembre\/#primaryimage\"},\"thumbnailUrl\":\"https:\/\/www.perurail.com\/wp-content\/uploads\/2024\/03\/perurail-tren-vistadome.jpg\",\"datePublished\":\"2025-09-23T14:39:58+00:00\",\"dateModified\":\"2025-09-23T14:47:20+00:00\",\"author\":{\"@id\":\"https:\/\/www.perurail.com\/es\/#\/schema\/person\/47bcbb394f6a51c5a0eae6262fef2b09\"},\"inLanguage\":\"es\",\"potentialAction\":[{\"@type\":\"ReadAction\",\"target\":[\"https:\/\/www.perurail.com\/es\/comunicados\/comunicado-sobre-operaciones-del-23-de-setiembre\/\"]}]},{\"@type\":\"ImageObject\",\"inLanguage\":\"es\",\"@id\":\"https:\/\/www.perurail.com\/es\/comunicados\/comunicado-sobre-operaciones-del-23-de-setiembre\/#primaryimage\",\"url\":\"https:\/\/www.perurail.com\/wp-content\/uploads\/2024\/03\/perurail-tren-vistadome.jpg\",\"contentUrl\":\"https:\/\/www.perurail.com\/wp-content\/uploads\/2024\/03\/perurail-tren-vistadome.jpg\",\"width\":955,\"height\":535},{\"@type\":\"WebSite\",\"@id\":\"https:\/\/www.perurail.com\/es\/#website\",\"url\":\"https:\/\/www.perurail.com\/es\/\",\"name\":\"Train to Machu Picchu - Ollantaytambo - Cusco | Peru Rail | Deals | Perurail\",\"description\":\"\",\"potentialAction\":[{\"@type\":\"SearchAction\",\"target\":{\"@type\":\"EntryPoint\",\"urlTemplate\":\"https:\/\/www.perurail.com\/es\/?s={search_term_string}\"},\"query-input\":{\"@type\":\"PropertyValueSpecification\",\"valueRequired\":true,\"valueName\":\"search_term_string\"}}],\"inLanguage\":\"es\"},{\"@type\":\"Person\",\"@id\":\"https:\/\/www.perurail.com\/es\/#\/schema\/person\/47bcbb394f6a51c5a0eae6262fef2b09\",\"name\":\"Alfredo Arroyo Diaz\",\"image\":{\"@type\":\"ImageObject\",\"inLanguage\":\"es\",\"@id\":\"https:\/\/www.perurail.com\/es\/#\/schema\/person\/image\/\",\"url\":\"https:\/\/secure.gravatar.com\/avatar\/b1ddf61d20e9e1e72bb87caf1f54fd17b528320f8b6b4daed99ffc21daee8d78?s=96&d=mm&r=g\",\"contentUrl\":\"https:\/\/secure.gravatar.com\/avatar\/b1ddf61d20e9e1e72bb87caf1f54fd17b528320f8b6b4daed99ffc21daee8d78?s=96&d=mm&r=g\",\"caption\":\"Alfredo Arroyo Diaz\"}}]}<\/script>\n<!-- \/ Yoast SEO plugin. -->","yoast_head_json":{"title":"COMUNICADO SOBRE OPERACIONES DEL 23 DE SETIEMBRE","robots":{"index":"index","follow":"follow","max-image-preview":"max-image-preview:large","max-video-preview":"max-video-preview:-1","snippet":"nosnippet"},"canonical":"https:\/\/www.perurail.com\/es\/comunicados\/comunicado-sobre-operaciones-del-23-de-setiembre\/","og_locale":"es_ES","og_type":"article","og_title":"COMUNICADO SOBRE OPERACIONES DEL 23 DE SETIEMBRE","og_description":"Cusco, 22 de setiembre de 2025 PeruRail S.A., operador ferroviario en la ruta sur oriente, informa a sus pasajeros, agencias de viaje, operadores tur\u00edsticos y al p\u00fablico en general que, de acuerdo con la informaci\u00f3n emitida por el concesionario de la v\u00eda f\u00e9rrea, Ferrocarril Trasandino S.A., ante el levantamiento del paro convocado en la provincia &hellip; COMUNICADO SOBRE OPERACIONES DEL 23 DE SETIEMBRE Leer m\u00e1s &raquo;","og_url":"https:\/\/www.perurail.com\/es\/comunicados\/comunicado-sobre-operaciones-del-23-de-setiembre\/","og_site_name":"Train to Machu Picchu - Ollantaytambo - Cusco | Peru Rail | Deals | Perurail","article_published_time":"2025-09-23T14:39:58+00:00","article_modified_time":"2025-09-23T14:47:20+00:00","og_image":[{"width":955,"height":535,"url":"https:\/\/www.perurail.com\/wp-content\/uploads\/2024\/03\/perurail-tren-vistadome.jpg","type":"image\/jpeg"}],"author":"Alfredo Arroyo Diaz","twitter_card":"summary_large_image","twitter_misc":{"Escrito por":"Alfredo Arroyo Diaz","Tiempo de lectura":"1 minuto"},"schema":{"@context":"https:\/\/schema.org","@graph":[{"@type":"WebPage","@id":"https:\/\/www.perurail.com\/es\/comunicados\/comunicado-sobre-operaciones-del-23-de-setiembre\/","url":"https:\/\/www.perurail.com\/es\/comunicados\/comunicado-sobre-operaciones-del-23-de-setiembre\/","name":"COMUNICADO SOBRE OPERACIONES DEL 23 DE SETIEMBRE","isPartOf":{"@id":"https:\/\/www.perurail.com\/es\/#website"},"primaryImageOfPage":{"@id":"https:\/\/www.perurail.com\/es\/comunicados\/comunicado-sobre-operaciones-del-23-de-setiembre\/#primaryimage"},"image":{"@id":"https:\/\/www.perurail.com\/es\/comunicados\/comunicado-sobre-operaciones-del-23-de-setiembre\/#primaryimage"},"thumbnailUrl":"https:\/\/www.perurail.com\/wp-content\/uploads\/2024\/03\/perurail-tren-vistadome.jpg","datePublished":"2025-09-23T14:39:58+00:00","dateModified":"2025-09-23T14:47:20+00:00","author":{"@id":"https:\/\/www.perurail.com\/es\/#\/schema\/person\/47bcbb394f6a51c5a0eae6262fef2b09"},"inLanguage":"es","potentialAction":[{"@type":"ReadAction","target":["https:\/\/www.perurail.com\/es\/comunicados\/comunicado-sobre-operaciones-del-23-de-setiembre\/"]}]},{"@type":"ImageObject","inLanguage":"es","@id":"https:\/\/www.perurail.com\/es\/comunicados\/comunicado-sobre-operaciones-del-23-de-setiembre\/#primaryimage","url":"https:\/\/www.perurail.com\/wp-content\/uploads\/2024\/03\/perurail-tren-vistadome.jpg","contentUrl":"https:\/\/www.perurail.com\/wp-content\/uploads\/2024\/03\/perurail-tren-vistadome.jpg","width":955,"height":535},{"@type":"WebSite","@id":"https:\/\/www.perurail.com\/es\/#website","url":"https:\/\/www.perurail.com\/es\/","name":"Train to Machu Picchu - Ollantaytambo - Cusco | Peru Rail | Deals | Perurail","description":"","potentialAction":[{"@type":"SearchAction","target":{"@type":"EntryPoint","urlTemplate":"https:\/\/www.perurail.com\/es\/?s={search_term_string}"},"query-input":{"@type":"PropertyValueSpecification","valueRequired":true,"valueName":"search_term_string"}}],"inLanguage":"es"},{"@type":"Person","@id":"https:\/\/www.perurail.com\/es\/#\/schema\/person\/47bcbb394f6a51c5a0eae6262fef2b09","name":"Alfredo Arroyo Diaz","image":{"@type":"ImageObject","inLanguage":"es","@id":"https:\/\/www.perurail.com\/es\/#\/schema\/person\/image\/","url":"https:\/\/secure.gravatar.com\/avatar\/b1ddf61d20e9e1e72bb87caf1f54fd17b528320f8b6b4daed99ffc21daee8d78?s=96&d=mm&r=g","contentUrl":"https:\/\/secure.gravatar.com\/avatar\/b1ddf61d20e9e1e72bb87caf1f54fd17b528320f8b6b4daed99ffc21daee8d78?s=96&d=mm&r=g","caption":"Alfredo Arroyo Diaz"}}]}},"_links":{"self":[{"href":"https:\/\/www.perurail.com\/es\/wp-json\/wp\/v2\/posts\/74135","targetHints":{"allow":["GET"]}}],"collection":[{"href":"https:\/\/www.perurail.com\/es\/wp-json\/wp\/v2\/posts"}],"about":[{"href":"https:\/\/www.perurail.com\/es\/wp-json\/wp\/v2\/types\/post"}],"author":[{"embeddable":true,"href":"https:\/\/www.perurail.com\/es\/wp-json\/wp\/v2\/users\/2"}],"replies":[{"embeddable":true,"href":"https:\/\/www.perurail.com\/es\/wp-json\/wp\/v2\/comments?post=74135"}],"version-history":[{"count":2,"href":"https:\/\/www.perurail.com\/es\/wp-json\/wp\/v2\/posts\/74135\/revisions"}],"predecessor-version":[{"id":74137,"href":"https:\/\/www.perurail.com\/es\/wp-json\/wp\/v2\/posts\/74135\/revisions\/74137"}],"wp:featuredmedia":[{"embeddable":true,"href":"https:\/\/www.perurail.com\/es\/wp-json\/wp\/v2\/media\/22520"}],"wp:attachment":[{"href":"https:\/\/www.perurail.com\/es\/wp-json\/wp\/v2\/media?parent=74135"}],"wp:term":[{"taxonomy":"category","embeddable":true,"href":"https:\/\/www.perurail.com\/es\/wp-json\/wp\/v2\/categories?post=74135"},{"taxonomy":"post_tag","embeddable":true,"href":"https:\/\/www.perurail.com\/es\/wp-json\/wp\/v2\/tags?post=74135"}],"curies":[{"name":"wp","href":"https:\/\/api.w.org\/{rel}","templated":true}]}}