{"id":86211,"date":"2025-12-31T06:35:55","date_gmt":"2025-12-31T11:35:55","guid":{"rendered":"https:\/\/www.perurail.com\/?p=86211"},"modified":"2025-12-31T06:35:56","modified_gmt":"2025-12-31T11:35:56","slug":"comunicado-evacuacion-pasajeros-31-dic-2025","status":"publish","type":"post","link":"https:\/\/www.perurail.com\/es\/comunicados\/comunicado-evacuacion-pasajeros-31-dic-2025\/","title":{"rendered":"COMUNICADO \u2013 EVACUACI\u00d3N DE PASAJEROS"},"content":{"rendered":"\n<p class=\"has-text-align-right\">Cusco, 31 de diciembre de 2025<\/p>\n\n\n\n<p><strong>01:40 horas &#8211;<\/strong> PeruRail S.A. informa que a las 01:35 horas iniciamos la evacuaci\u00f3n de los pasajeros de las estaciones de Machupicchu y Ollantaytambo, tras la autorizaci\u00f3n de Ferrocarril Trasandino S.A., para reiniciar el tr\u00e1nsito de trenes en la v\u00eda f\u00e9rrea.<\/p>\n\n\n\n<p>Empezaremos trasladando a quienes tengan boletos con fecha martes 30 de diciembre, priorizando adultos mayores, ni\u00f1os, mujeres embarazadas y personas con capacidades diferentes, y continuaremos la evacuaci\u00f3n siguiendo el protocolo humanitario para situaciones de emergencia.<\/p>\n\n\n\n<p>Los trabajadores y pasajeros heridos est\u00e1n siendo atendidos en cl\u00ednicas y centros de salud de Cusco, estamos dando las facilidades a los pasajeros para reprogramar sus viajes, y haciendo todos los esfuerzos para normalizar lo m\u00e1s pronto posible nuestros servicios.<\/p>\n\n\n\n<p>A los familiares, amigos y compa\u00f1eros del trabajador de Inca Rail fallecido, les hacemos llegar nuestras m\u00e1s sentidas condolencias, estamos con ustedes en este momento de profundo dolor.<\/p>\n\n\n\n<p>Atentamente,<\/p>\n\n\n\n<p><strong>PeruRail S.A.<\/strong><\/p>\n","protected":false},"excerpt":{"rendered":"<p>Cusco, 31 de diciembre de 2025 01:40 horas &#8211; PeruRail S.A. informa que a las 01:35 horas iniciamos la evacuaci\u00f3n de los pasajeros de las estaciones de Machupicchu y Ollantaytambo, tras la autorizaci\u00f3n de Ferrocarril Trasandino S.A., para reiniciar el tr\u00e1nsito de trenes en la v\u00eda f\u00e9rrea. Empezaremos trasladando a quienes tengan boletos con fecha &hellip;<\/p>\n<p class=\"read-more\"> <a class=\"\" href=\"https:\/\/www.perurail.com\/es\/comunicados\/comunicado-evacuacion-pasajeros-31-dic-2025\/\"> <span class=\"screen-reader-text\">COMUNICADO \u2013 EVACUACI\u00d3N DE PASAJEROS<\/span> Leer m\u00e1s &raquo;<\/a><\/p>\n","protected":false},"author":6,"featured_media":22520,"comment_status":"closed","ping_status":"open","sticky":false,"template":"","format":"standard","meta":{"site-sidebar-layout":"default","site-content-layout":"","ast-site-content-layout":"","site-content-style":"default","site-sidebar-style":"default","ast-global-header-display":"","ast-banner-title-visibility":"","ast-main-header-display":"","ast-hfb-above-header-display":"","ast-hfb-below-header-display":"","ast-hfb-mobile-header-display":"","site-post-title":"","ast-breadcrumbs-content":"","ast-featured-img":"","footer-sml-layout":"","theme-transparent-header-meta":"","adv-header-id-meta":"","stick-header-meta":"","header-above-stick-meta":"","header-main-stick-meta":"","header-below-stick-meta":"","astra-migrate-meta-layouts":"default","ast-page-background-enabled":"default","ast-page-background-meta":{"desktop":{"background-color":"var(--ast-global-color-4)","background-image":"","background-repeat":"repeat","background-position":"center center","background-size":"auto","background-attachment":"scroll","background-type":"","background-media":"","overlay-type":"","overlay-color":"","overlay-gradient":""},"tablet":{"background-color":"","background-image":"","background-repeat":"repeat","background-position":"center center","background-size":"auto","background-attachment":"scroll","background-type":"","background-media":"","overlay-type":"","overlay-color":"","overlay-gradient":""},"mobile":{"background-color":"","background-image":"","background-repeat":"repeat","background-position":"center center","background-size":"auto","background-attachment":"scroll","background-type":"","background-media":"","overlay-type":"","overlay-color":"","overlay-gradient":""}},"ast-content-background-meta":{"desktop":{"background-color":"var(--ast-global-color-5)","background-image":"","background-repeat":"repeat","background-position":"center center","background-size":"auto","background-attachment":"scroll","background-type":"","background-media":"","overlay-type":"","overlay-color":"","overlay-gradient":""},"tablet":{"background-color":"var(--ast-global-color-5)","background-image":"","background-repeat":"repeat","background-position":"center center","background-size":"auto","background-attachment":"scroll","background-type":"","background-media":"","overlay-type":"","overlay-color":"","overlay-gradient":""},"mobile":{"background-color":"var(--ast-global-color-5)","background-image":"","background-repeat":"repeat","background-position":"center center","background-size":"auto","background-attachment":"scroll","background-type":"","background-media":"","overlay-type":"","overlay-color":"","overlay-gradient":""}},"footnotes":""},"categories":[81],"tags":[],"class_list":["post-86211","post","type-post","status-publish","format-standard","has-post-thumbnail","hentry","category-comunicados"],"yoast_head":"<!-- This site is optimized with the Yoast SEO plugin v25.9 - https:\/\/yoast.com\/wordpress\/plugins\/seo\/ -->\n<title>COMUNICADO \u2013 EVACUACI\u00d3N DE PASAJEROS PERURAIL 31 DICIEMBRE 2025<\/title>\n<meta name=\"robots\" content=\"index, follow, max-image-preview:large, max-video-preview:-1, nosnippet\" \/>\n<link rel=\"canonical\" href=\"https:\/\/www.perurail.com\/es\/comunicados\/comunicado-evacuacion-pasajeros-31-dic-2025\/\" \/>\n<meta property=\"og:locale\" content=\"es_ES\" \/>\n<meta property=\"og:type\" content=\"article\" \/>\n<meta property=\"og:title\" content=\"COMUNICADO \u2013 EVACUACI\u00d3N DE PASAJEROS PERURAIL 31 DICIEMBRE 2025\" \/>\n<meta property=\"og:description\" content=\"Cusco, 31 de diciembre de 2025 01:40 horas &#8211; PeruRail S.A. informa que a las 01:35 horas iniciamos la evacuaci\u00f3n de los pasajeros de las estaciones de Machupicchu y Ollantaytambo, tras la autorizaci\u00f3n de Ferrocarril Trasandino S.A., para reiniciar el tr\u00e1nsito de trenes en la v\u00eda f\u00e9rrea. Empezaremos trasladando a quienes tengan boletos con fecha &hellip; COMUNICADO \u2013 EVACUACI\u00d3N DE PASAJEROS Leer m\u00e1s &raquo;\" \/>\n<meta property=\"og:url\" content=\"https:\/\/www.perurail.com\/es\/comunicados\/comunicado-evacuacion-pasajeros-31-dic-2025\/\" \/>\n<meta property=\"og:site_name\" content=\"Train to Machu Picchu - Ollantaytambo - Cusco | Peru Rail | Deals | Perurail\" \/>\n<meta property=\"article:published_time\" content=\"2025-12-31T11:35:55+00:00\" \/>\n<meta property=\"article:modified_time\" content=\"2025-12-31T11:35:56+00:00\" \/>\n<meta property=\"og:image\" content=\"https:\/\/www.perurail.com\/wp-content\/uploads\/2024\/03\/perurail-tren-vistadome.jpg\" \/>\n\t<meta property=\"og:image:width\" content=\"955\" \/>\n\t<meta property=\"og:image:height\" content=\"535\" \/>\n\t<meta property=\"og:image:type\" content=\"image\/jpeg\" \/>\n<meta name=\"author\" content=\"Katherine Cordova\" \/>\n<meta name=\"twitter:card\" content=\"summary_large_image\" \/>\n<meta name=\"twitter:label1\" content=\"Escrito por\" \/>\n\t<meta name=\"twitter:data1\" content=\"Katherine Cordova\" \/>\n\t<meta name=\"twitter:label2\" content=\"Tiempo de lectura\" \/>\n\t<meta name=\"twitter:data2\" content=\"1 minuto\" \/>\n<script type=\"application\/ld+json\" class=\"yoast-schema-graph\">{\"@context\":\"https:\/\/schema.org\",\"@graph\":[{\"@type\":\"WebPage\",\"@id\":\"https:\/\/www.perurail.com\/es\/comunicados\/comunicado-evacuacion-pasajeros-31-dic-2025\/\",\"url\":\"https:\/\/www.perurail.com\/es\/comunicados\/comunicado-evacuacion-pasajeros-31-dic-2025\/\",\"name\":\"COMUNICADO \u2013 EVACUACI\u00d3N DE PASAJEROS PERURAIL 31 DICIEMBRE 2025\",\"isPartOf\":{\"@id\":\"https:\/\/www.perurail.com\/es\/#website\"},\"primaryImageOfPage\":{\"@id\":\"https:\/\/www.perurail.com\/es\/comunicados\/comunicado-evacuacion-pasajeros-31-dic-2025\/#primaryimage\"},\"image\":{\"@id\":\"https:\/\/www.perurail.com\/es\/comunicados\/comunicado-evacuacion-pasajeros-31-dic-2025\/#primaryimage\"},\"thumbnailUrl\":\"https:\/\/www.perurail.com\/wp-content\/uploads\/2024\/03\/perurail-tren-vistadome.jpg\",\"datePublished\":\"2025-12-31T11:35:55+00:00\",\"dateModified\":\"2025-12-31T11:35:56+00:00\",\"author\":{\"@id\":\"https:\/\/www.perurail.com\/es\/#\/schema\/person\/236b74110876fe5fc4593f29a52beee7\"},\"inLanguage\":\"es\",\"potentialAction\":[{\"@type\":\"ReadAction\",\"target\":[\"https:\/\/www.perurail.com\/es\/comunicados\/comunicado-evacuacion-pasajeros-31-dic-2025\/\"]}]},{\"@type\":\"ImageObject\",\"inLanguage\":\"es\",\"@id\":\"https:\/\/www.perurail.com\/es\/comunicados\/comunicado-evacuacion-pasajeros-31-dic-2025\/#primaryimage\",\"url\":\"https:\/\/www.perurail.com\/wp-content\/uploads\/2024\/03\/perurail-tren-vistadome.jpg\",\"contentUrl\":\"https:\/\/www.perurail.com\/wp-content\/uploads\/2024\/03\/perurail-tren-vistadome.jpg\",\"width\":955,\"height\":535},{\"@type\":\"WebSite\",\"@id\":\"https:\/\/www.perurail.com\/es\/#website\",\"url\":\"https:\/\/www.perurail.com\/es\/\",\"name\":\"Train to Machu Picchu - Ollantaytambo - Cusco | Peru Rail | Deals | Perurail\",\"description\":\"\",\"potentialAction\":[{\"@type\":\"SearchAction\",\"target\":{\"@type\":\"EntryPoint\",\"urlTemplate\":\"https:\/\/www.perurail.com\/es\/?s={search_term_string}\"},\"query-input\":{\"@type\":\"PropertyValueSpecification\",\"valueRequired\":true,\"valueName\":\"search_term_string\"}}],\"inLanguage\":\"es\"},{\"@type\":\"Person\",\"@id\":\"https:\/\/www.perurail.com\/es\/#\/schema\/person\/236b74110876fe5fc4593f29a52beee7\",\"name\":\"Katherine Cordova\",\"image\":{\"@type\":\"ImageObject\",\"inLanguage\":\"es\",\"@id\":\"https:\/\/www.perurail.com\/es\/#\/schema\/person\/image\/\",\"url\":\"https:\/\/secure.gravatar.com\/avatar\/298252612af611ffc330df170085db332edeea25c13bc16620d5075b2c25c19b?s=96&d=mm&r=g\",\"contentUrl\":\"https:\/\/secure.gravatar.com\/avatar\/298252612af611ffc330df170085db332edeea25c13bc16620d5075b2c25c19b?s=96&d=mm&r=g\",\"caption\":\"Katherine Cordova\"}}]}<\/script>\n<!-- \/ Yoast SEO plugin. -->","yoast_head_json":{"title":"COMUNICADO \u2013 EVACUACI\u00d3N DE PASAJEROS PERURAIL 31 DICIEMBRE 2025","robots":{"index":"index","follow":"follow","max-image-preview":"max-image-preview:large","max-video-preview":"max-video-preview:-1","snippet":"nosnippet"},"canonical":"https:\/\/www.perurail.com\/es\/comunicados\/comunicado-evacuacion-pasajeros-31-dic-2025\/","og_locale":"es_ES","og_type":"article","og_title":"COMUNICADO \u2013 EVACUACI\u00d3N DE PASAJEROS PERURAIL 31 DICIEMBRE 2025","og_description":"Cusco, 31 de diciembre de 2025 01:40 horas &#8211; PeruRail S.A. informa que a las 01:35 horas iniciamos la evacuaci\u00f3n de los pasajeros de las estaciones de Machupicchu y Ollantaytambo, tras la autorizaci\u00f3n de Ferrocarril Trasandino S.A., para reiniciar el tr\u00e1nsito de trenes en la v\u00eda f\u00e9rrea. Empezaremos trasladando a quienes tengan boletos con fecha &hellip; COMUNICADO \u2013 EVACUACI\u00d3N DE PASAJEROS Leer m\u00e1s &raquo;","og_url":"https:\/\/www.perurail.com\/es\/comunicados\/comunicado-evacuacion-pasajeros-31-dic-2025\/","og_site_name":"Train to Machu Picchu - Ollantaytambo - Cusco | Peru Rail | Deals | Perurail","article_published_time":"2025-12-31T11:35:55+00:00","article_modified_time":"2025-12-31T11:35:56+00:00","og_image":[{"width":955,"height":535,"url":"https:\/\/www.perurail.com\/wp-content\/uploads\/2024\/03\/perurail-tren-vistadome.jpg","type":"image\/jpeg"}],"author":"Katherine Cordova","twitter_card":"summary_large_image","twitter_misc":{"Escrito por":"Katherine Cordova","Tiempo de lectura":"1 minuto"},"schema":{"@context":"https:\/\/schema.org","@graph":[{"@type":"WebPage","@id":"https:\/\/www.perurail.com\/es\/comunicados\/comunicado-evacuacion-pasajeros-31-dic-2025\/","url":"https:\/\/www.perurail.com\/es\/comunicados\/comunicado-evacuacion-pasajeros-31-dic-2025\/","name":"COMUNICADO \u2013 EVACUACI\u00d3N DE PASAJEROS PERURAIL 31 DICIEMBRE 2025","isPartOf":{"@id":"https:\/\/www.perurail.com\/es\/#website"},"primaryImageOfPage":{"@id":"https:\/\/www.perurail.com\/es\/comunicados\/comunicado-evacuacion-pasajeros-31-dic-2025\/#primaryimage"},"image":{"@id":"https:\/\/www.perurail.com\/es\/comunicados\/comunicado-evacuacion-pasajeros-31-dic-2025\/#primaryimage"},"thumbnailUrl":"https:\/\/www.perurail.com\/wp-content\/uploads\/2024\/03\/perurail-tren-vistadome.jpg","datePublished":"2025-12-31T11:35:55+00:00","dateModified":"2025-12-31T11:35:56+00:00","author":{"@id":"https:\/\/www.perurail.com\/es\/#\/schema\/person\/236b74110876fe5fc4593f29a52beee7"},"inLanguage":"es","potentialAction":[{"@type":"ReadAction","target":["https:\/\/www.perurail.com\/es\/comunicados\/comunicado-evacuacion-pasajeros-31-dic-2025\/"]}]},{"@type":"ImageObject","inLanguage":"es","@id":"https:\/\/www.perurail.com\/es\/comunicados\/comunicado-evacuacion-pasajeros-31-dic-2025\/#primaryimage","url":"https:\/\/www.perurail.com\/wp-content\/uploads\/2024\/03\/perurail-tren-vistadome.jpg","contentUrl":"https:\/\/www.perurail.com\/wp-content\/uploads\/2024\/03\/perurail-tren-vistadome.jpg","width":955,"height":535},{"@type":"WebSite","@id":"https:\/\/www.perurail.com\/es\/#website","url":"https:\/\/www.perurail.com\/es\/","name":"Train to Machu Picchu - Ollantaytambo - Cusco | Peru Rail | Deals | Perurail","description":"","potentialAction":[{"@type":"SearchAction","target":{"@type":"EntryPoint","urlTemplate":"https:\/\/www.perurail.com\/es\/?s={search_term_string}"},"query-input":{"@type":"PropertyValueSpecification","valueRequired":true,"valueName":"search_term_string"}}],"inLanguage":"es"},{"@type":"Person","@id":"https:\/\/www.perurail.com\/es\/#\/schema\/person\/236b74110876fe5fc4593f29a52beee7","name":"Katherine Cordova","image":{"@type":"ImageObject","inLanguage":"es","@id":"https:\/\/www.perurail.com\/es\/#\/schema\/person\/image\/","url":"https:\/\/secure.gravatar.com\/avatar\/298252612af611ffc330df170085db332edeea25c13bc16620d5075b2c25c19b?s=96&d=mm&r=g","contentUrl":"https:\/\/secure.gravatar.com\/avatar\/298252612af611ffc330df170085db332edeea25c13bc16620d5075b2c25c19b?s=96&d=mm&r=g","caption":"Katherine Cordova"}}]}},"_links":{"self":[{"href":"https:\/\/www.perurail.com\/es\/wp-json\/wp\/v2\/posts\/86211","targetHints":{"allow":["GET"]}}],"collection":[{"href":"https:\/\/www.perurail.com\/es\/wp-json\/wp\/v2\/posts"}],"about":[{"href":"https:\/\/www.perurail.com\/es\/wp-json\/wp\/v2\/types\/post"}],"author":[{"embeddable":true,"href":"https:\/\/www.perurail.com\/es\/wp-json\/wp\/v2\/users\/6"}],"replies":[{"embeddable":true,"href":"https:\/\/www.perurail.com\/es\/wp-json\/wp\/v2\/comments?post=86211"}],"version-history":[{"count":1,"href":"https:\/\/www.perurail.com\/es\/wp-json\/wp\/v2\/posts\/86211\/revisions"}],"predecessor-version":[{"id":86212,"href":"https:\/\/www.perurail.com\/es\/wp-json\/wp\/v2\/posts\/86211\/revisions\/86212"}],"wp:featuredmedia":[{"embeddable":true,"href":"https:\/\/www.perurail.com\/es\/wp-json\/wp\/v2\/media\/22520"}],"wp:attachment":[{"href":"https:\/\/www.perurail.com\/es\/wp-json\/wp\/v2\/media?parent=86211"}],"wp:term":[{"taxonomy":"category","embeddable":true,"href":"https:\/\/www.perurail.com\/es\/wp-json\/wp\/v2\/categories?post=86211"},{"taxonomy":"post_tag","embeddable":true,"href":"https:\/\/www.perurail.com\/es\/wp-json\/wp\/v2\/tags?post=86211"}],"curies":[{"name":"wp","href":"https:\/\/api.w.org\/{rel}","templated":true}]}}